{"id":100136,"date":"2024-01-10T07:50:23","date_gmt":"2024-01-10T07:50:23","guid":{"rendered":"https:\/\/horeca-online.com\/?p=100136"},"modified":"2024-01-10T07:50:25","modified_gmt":"2024-01-10T07:50:25","slug":"caffe-vergnano-riconosciuto-dal-conai-al-premio-ecopack-2023","status":"publish","type":"post","link":"https:\/\/horeca-online.com\/it\/caffe-vergnano-riconosciuto-dal-conai-al-premio-ecopack-2023\/","title":{"rendered":"Caff\u00e8 Vergnano riconosciuto dal Conai al premio Ecopack 2023"},"content":{"rendered":"<div class=\"wp-block-image\">\n<figure class=\"alignright size-full is-resized\"><img fetchpriority=\"high\" decoding=\"async\" width=\"2047\" height=\"2560\" src=\"https:\/\/horeca-online.com\/wp-content\/uploads\/2024\/01\/foto-lattone-R-PET-1-scaled.jpg\" alt=\"\" class=\"wp-image-100137\" style=\"width:285px;height:auto\" srcset=\"https:\/\/horeca-online.com\/wp-content\/uploads\/2024\/01\/foto-lattone-R-PET-1-scaled.jpg 2047w, https:\/\/horeca-online.com\/wp-content\/uploads\/2024\/01\/foto-lattone-R-PET-1-768x960.jpg 768w, https:\/\/horeca-online.com\/wp-content\/uploads\/2024\/01\/foto-lattone-R-PET-1-1228x1536.jpg 1228w, https:\/\/horeca-online.com\/wp-content\/uploads\/2024\/01\/foto-lattone-R-PET-1-1638x2048.jpg 1638w, https:\/\/horeca-online.com\/wp-content\/uploads\/2024\/01\/foto-lattone-R-PET-1-600x750.jpg 600w\" sizes=\"(max-width: 2047px) 100vw, 2047px\" \/><\/figure>\n<\/div>\n\n\n<p><strong><a href=\"https:\/\/www.caffevergnano.com\/en\/\" target=\"_blank\" rel=\"noreferrer noopener\">Caff\u00e8 Vergnano<\/a> <\/strong>\u00e8 stato riconosciuto tra le aziende innovatrici del \u201cBando CONAI\u201d con il premio <strong>Ecopack 2023<\/strong> dedicato all\u2019Ecodesign.<\/p>\n\n\n\n<p>L\u2019azienda ha infatti spiccato tra i premiati in gara, per soluzioni di packaging innovativi ed ecosostenibili immessi sul mercato.<\/p>\n\n\n\n<p>Un importante risultato a testimonianza dell\u2019impegno concreto preso dall\u2019azienda che ogni giorno conferma la propria scelta sostenibile, che rappresenta un dovere morale ed un senso di responsabilit\u00e0.<\/p>\n\n\n\n<p>Caff\u00e8 Vergnano si \u00e8 distinto infatti, tra i partecipanti al Bando, grazie al pack premium dedicato al mondo Horeca \u2013 l\u2019imballo da 2,5 kg \u2013 per il quale il Brand ha scelto una produzione in R-PET : una plastica infrangibile, leggera e rigenerata al 100%, che \u00e8 possibile riciclare ripetutamente e riutilizzare per la realizzazione di prodotti pregiati.<\/p>\n\n\n\n<p><a href=\"https:\/\/www.caffevergnano.com\/en\/\" target=\"_blank\" rel=\"noreferrer noopener\">www.caffevergnano.com\/en\/<\/a><\/p>\n\n\n\n<p class=\"has-small-font-size\"><strong>Caff\u00e8 Vergnano<\/strong><\/p>\n\n\n\n<p class=\"has-small-font-size\">Caff\u00e8 Vergnano \u00e8 una delle pi\u00f9 antiche torrefazioni italiane a livello nazionale. Fondata nel 1882 e ancora oggi guidata dalla famiglia, da 140 anni racconta il rito dell\u2019autentico espresso italiano portando in una tazzina profumi e aromi di tutto il mondo. Il segreto delle miscele \u00e8 la tostatura, lenta e tradizionale che valorizza ogni singola origine, nel rispetto della materia prima. Le miscele Caff\u00e8 Vergnano si trovano nella grande distribuzione, nei migliori bar e negli oltre 180 Caff\u00e8 Vergnano 1882, la catena di caffetterie all\u2019italiana presente in tutto il mondo.<\/p>\n","protected":false},"excerpt":{"rendered":"<p>Caff\u00e8 Vergnano \u00e8 stato riconosciuto tra le aziende innovatrici del \u201cBando CONAI\u201d con il premio Ecopack 2023 dedicato all\u2019Ecodesign. L\u2019azienda ha infatti spiccato tra i premiati in gara, per soluzioni di packaging innovativi ed ecosostenibili immessi sul mercato. Un importante risultato a testimonianza dell\u2019impegno concreto preso dall\u2019azienda che ogni giorno conferma la propria scelta sostenibile, [&hellip;]<\/p>\n","protected":false},"author":13,"featured_media":100139,"comment_status":"open","ping_status":"closed","sticky":false,"template":"","format":"standard","meta":{"footnotes":""},"categories":[933],"tags":[1107,2627,2628],"class_list":["post-100136","post","type-post","status-publish","format-standard","has-post-thumbnail","hentry","category-caffe","tag-caffe-it-2","tag-caffe-vergnano","tag-ecopack-2023"],"yoast_head":"<!-- This site is optimized with the Yoast SEO plugin v27.2 - https:\/\/yoast.com\/product\/yoast-seo-wordpress\/ -->\n<title>Caff\u00e8 Vergnano riconosciuto dal Conai al premio Ecopack 2023 - Horeca International<\/title>\n<meta name=\"robots\" content=\"index, follow, max-snippet:-1, max-image-preview:large, max-video-preview:-1\" \/>\n<link rel=\"canonical\" href=\"https:\/\/horeca-online.com\/it\/caffe-vergnano-riconosciuto-dal-conai-al-premio-ecopack-2023\/\" \/>\n<meta property=\"og:locale\" content=\"it_IT\" \/>\n<meta property=\"og:type\" content=\"article\" \/>\n<meta property=\"og:title\" content=\"Caff\u00e8 Vergnano riconosciuto dal Conai al premio Ecopack 2023 - Horeca International\" \/>\n<meta property=\"og:description\" content=\"Caff\u00e8 Vergnano \u00e8 stato riconosciuto tra le aziende innovatrici del \u201cBando CONAI\u201d con il premio Ecopack 2023 dedicato all\u2019Ecodesign. L\u2019azienda ha infatti spiccato tra i premiati in gara, per soluzioni di packaging innovativi ed ecosostenibili immessi sul mercato. Un importante risultato a testimonianza dell\u2019impegno concreto preso dall\u2019azienda che ogni giorno conferma la propria scelta sostenibile, [&hellip;]\" \/>\n<meta property=\"og:url\" content=\"https:\/\/horeca-online.com\/it\/caffe-vergnano-riconosciuto-dal-conai-al-premio-ecopack-2023\/\" \/>\n<meta property=\"og:site_name\" content=\"Horeca International\" \/>\n<meta property=\"article:published_time\" content=\"2024-01-10T07:50:23+00:00\" \/>\n<meta property=\"article:modified_time\" content=\"2024-01-10T07:50:25+00:00\" \/>\n<meta property=\"og:image\" content=\"https:\/\/horeca-online.com\/wp-content\/uploads\/2024\/01\/Chicci-caffe-Vergnano-scaled.jpg\" \/>\n\t<meta property=\"og:image:width\" content=\"2560\" \/>\n\t<meta property=\"og:image:height\" content=\"1798\" \/>\n\t<meta property=\"og:image:type\" content=\"image\/jpeg\" \/>\n<meta name=\"author\" content=\"Amerie\" \/>\n<meta name=\"twitter:card\" content=\"summary_large_image\" \/>\n<meta name=\"twitter:label1\" content=\"Scritto da\" \/>\n\t<meta name=\"twitter:data1\" content=\"Amerie\" \/>\n\t<meta name=\"twitter:label2\" content=\"Tempo di lettura stimato\" \/>\n\t<meta name=\"twitter:data2\" content=\"2 minuti\" \/>\n<script type=\"application\/ld+json\" class=\"yoast-schema-graph\">{\"@context\":\"https:\/\/schema.org\",\"@graph\":[{\"@type\":\"Article\",\"@id\":\"https:\/\/horeca-online.com\/it\/caffe-vergnano-riconosciuto-dal-conai-al-premio-ecopack-2023\/#article\",\"isPartOf\":{\"@id\":\"https:\/\/horeca-online.com\/it\/caffe-vergnano-riconosciuto-dal-conai-al-premio-ecopack-2023\/\"},\"author\":{\"name\":\"Amerie\",\"@id\":\"https:\/\/horeca-online.com\/it\/#\/schema\/person\/29b6a1d1be3c863926ce7d15b0bb096f\"},\"headline\":\"Caff\u00e8 Vergnano riconosciuto dal Conai al premio Ecopack 2023\",\"datePublished\":\"2024-01-10T07:50:23+00:00\",\"dateModified\":\"2024-01-10T07:50:25+00:00\",\"mainEntityOfPage\":{\"@id\":\"https:\/\/horeca-online.com\/it\/caffe-vergnano-riconosciuto-dal-conai-al-premio-ecopack-2023\/\"},\"wordCount\":219,\"commentCount\":0,\"publisher\":{\"@id\":\"https:\/\/horeca-online.com\/it\/#organization\"},\"image\":{\"@id\":\"https:\/\/horeca-online.com\/it\/caffe-vergnano-riconosciuto-dal-conai-al-premio-ecopack-2023\/#primaryimage\"},\"thumbnailUrl\":\"https:\/\/horeca-online.com\/wp-content\/uploads\/2024\/01\/Chicci-caffe-Vergnano-scaled.jpg\",\"keywords\":[\"caff\u00e8\",\"Caff\u00e8 Vergnano\",\"Ecopack 2023\"],\"articleSection\":[\"Caff\u00e9\"],\"inLanguage\":\"it-IT\",\"potentialAction\":[{\"@type\":\"CommentAction\",\"name\":\"Comment\",\"target\":[\"https:\/\/horeca-online.com\/it\/caffe-vergnano-riconosciuto-dal-conai-al-premio-ecopack-2023\/#respond\"]}]},{\"@type\":\"WebPage\",\"@id\":\"https:\/\/horeca-online.com\/it\/caffe-vergnano-riconosciuto-dal-conai-al-premio-ecopack-2023\/\",\"url\":\"https:\/\/horeca-online.com\/it\/caffe-vergnano-riconosciuto-dal-conai-al-premio-ecopack-2023\/\",\"name\":\"Caff\u00e8 Vergnano riconosciuto dal Conai al premio Ecopack 2023 - Horeca International\",\"isPartOf\":{\"@id\":\"https:\/\/horeca-online.com\/it\/#website\"},\"primaryImageOfPage\":{\"@id\":\"https:\/\/horeca-online.com\/it\/caffe-vergnano-riconosciuto-dal-conai-al-premio-ecopack-2023\/#primaryimage\"},\"image\":{\"@id\":\"https:\/\/horeca-online.com\/it\/caffe-vergnano-riconosciuto-dal-conai-al-premio-ecopack-2023\/#primaryimage\"},\"thumbnailUrl\":\"https:\/\/horeca-online.com\/wp-content\/uploads\/2024\/01\/Chicci-caffe-Vergnano-scaled.jpg\",\"datePublished\":\"2024-01-10T07:50:23+00:00\",\"dateModified\":\"2024-01-10T07:50:25+00:00\",\"breadcrumb\":{\"@id\":\"https:\/\/horeca-online.com\/it\/caffe-vergnano-riconosciuto-dal-conai-al-premio-ecopack-2023\/#breadcrumb\"},\"inLanguage\":\"it-IT\",\"potentialAction\":[{\"@type\":\"ReadAction\",\"target\":[\"https:\/\/horeca-online.com\/it\/caffe-vergnano-riconosciuto-dal-conai-al-premio-ecopack-2023\/\"]}]},{\"@type\":\"ImageObject\",\"inLanguage\":\"it-IT\",\"@id\":\"https:\/\/horeca-online.com\/it\/caffe-vergnano-riconosciuto-dal-conai-al-premio-ecopack-2023\/#primaryimage\",\"url\":\"https:\/\/horeca-online.com\/wp-content\/uploads\/2024\/01\/Chicci-caffe-Vergnano-scaled.jpg\",\"contentUrl\":\"https:\/\/horeca-online.com\/wp-content\/uploads\/2024\/01\/Chicci-caffe-Vergnano-scaled.jpg\",\"width\":2560,\"height\":1798},{\"@type\":\"BreadcrumbList\",\"@id\":\"https:\/\/horeca-online.com\/it\/caffe-vergnano-riconosciuto-dal-conai-al-premio-ecopack-2023\/#breadcrumb\",\"itemListElement\":[{\"@type\":\"ListItem\",\"position\":1,\"name\":\"Home\",\"item\":\"https:\/\/horeca-online.com\/it\/\"},{\"@type\":\"ListItem\",\"position\":2,\"name\":\"Caff\u00e8 Vergnano riconosciuto dal Conai al premio Ecopack 2023\"}]},{\"@type\":\"WebSite\",\"@id\":\"https:\/\/horeca-online.com\/it\/#website\",\"url\":\"https:\/\/horeca-online.com\/it\/\",\"name\":\"Horeca International\",\"description\":\"Horeca International\",\"publisher\":{\"@id\":\"https:\/\/horeca-online.com\/it\/#organization\"},\"potentialAction\":[{\"@type\":\"SearchAction\",\"target\":{\"@type\":\"EntryPoint\",\"urlTemplate\":\"https:\/\/horeca-online.com\/it\/?s={search_term_string}\"},\"query-input\":{\"@type\":\"PropertyValueSpecification\",\"valueRequired\":true,\"valueName\":\"search_term_string\"}}],\"inLanguage\":\"it-IT\"},{\"@type\":\"Organization\",\"@id\":\"https:\/\/horeca-online.com\/it\/#organization\",\"name\":\"Horeca International\",\"url\":\"https:\/\/horeca-online.com\/it\/\",\"logo\":{\"@type\":\"ImageObject\",\"inLanguage\":\"it-IT\",\"@id\":\"https:\/\/horeca-online.com\/it\/#\/schema\/logo\/image\/\",\"url\":\"https:\/\/horeca-online.com\/wp-content\/uploads\/2019\/07\/cropped-horeca-logo.png\",\"contentUrl\":\"https:\/\/horeca-online.com\/wp-content\/uploads\/2019\/07\/cropped-horeca-logo.png\",\"width\":401,\"height\":98,\"caption\":\"Horeca International\"},\"image\":{\"@id\":\"https:\/\/horeca-online.com\/it\/#\/schema\/logo\/image\/\"}},{\"@type\":\"Person\",\"@id\":\"https:\/\/horeca-online.com\/it\/#\/schema\/person\/29b6a1d1be3c863926ce7d15b0bb096f\",\"name\":\"Amerie\",\"image\":{\"@type\":\"ImageObject\",\"inLanguage\":\"it-IT\",\"@id\":\"https:\/\/secure.gravatar.com\/avatar\/33ed119a24fb9aedd04b7885a1c40aa7c042f990b313bd0d509e4abf40ea8f73?s=96&d=mm&r=g\",\"url\":\"https:\/\/secure.gravatar.com\/avatar\/33ed119a24fb9aedd04b7885a1c40aa7c042f990b313bd0d509e4abf40ea8f73?s=96&d=mm&r=g\",\"contentUrl\":\"https:\/\/secure.gravatar.com\/avatar\/33ed119a24fb9aedd04b7885a1c40aa7c042f990b313bd0d509e4abf40ea8f73?s=96&d=mm&r=g\",\"caption\":\"Amerie\"}}]}<\/script>\n<!-- \/ Yoast SEO plugin. -->","yoast_head_json":{"title":"Caff\u00e8 Vergnano riconosciuto dal Conai al premio Ecopack 2023 - Horeca International","robots":{"index":"index","follow":"follow","max-snippet":"max-snippet:-1","max-image-preview":"max-image-preview:large","max-video-preview":"max-video-preview:-1"},"canonical":"https:\/\/horeca-online.com\/it\/caffe-vergnano-riconosciuto-dal-conai-al-premio-ecopack-2023\/","og_locale":"it_IT","og_type":"article","og_title":"Caff\u00e8 Vergnano riconosciuto dal Conai al premio Ecopack 2023 - Horeca International","og_description":"Caff\u00e8 Vergnano \u00e8 stato riconosciuto tra le aziende innovatrici del \u201cBando CONAI\u201d con il premio Ecopack 2023 dedicato all\u2019Ecodesign. L\u2019azienda ha infatti spiccato tra i premiati in gara, per soluzioni di packaging innovativi ed ecosostenibili immessi sul mercato. Un importante risultato a testimonianza dell\u2019impegno concreto preso dall\u2019azienda che ogni giorno conferma la propria scelta sostenibile, [&hellip;]","og_url":"https:\/\/horeca-online.com\/it\/caffe-vergnano-riconosciuto-dal-conai-al-premio-ecopack-2023\/","og_site_name":"Horeca International","article_published_time":"2024-01-10T07:50:23+00:00","article_modified_time":"2024-01-10T07:50:25+00:00","og_image":[{"width":2560,"height":1798,"url":"https:\/\/horeca-online.com\/wp-content\/uploads\/2024\/01\/Chicci-caffe-Vergnano-scaled.jpg","type":"image\/jpeg"}],"author":"Amerie","twitter_card":"summary_large_image","twitter_misc":{"Scritto da":"Amerie","Tempo di lettura stimato":"2 minuti"},"schema":{"@context":"https:\/\/schema.org","@graph":[{"@type":"Article","@id":"https:\/\/horeca-online.com\/it\/caffe-vergnano-riconosciuto-dal-conai-al-premio-ecopack-2023\/#article","isPartOf":{"@id":"https:\/\/horeca-online.com\/it\/caffe-vergnano-riconosciuto-dal-conai-al-premio-ecopack-2023\/"},"author":{"name":"Amerie","@id":"https:\/\/horeca-online.com\/it\/#\/schema\/person\/29b6a1d1be3c863926ce7d15b0bb096f"},"headline":"Caff\u00e8 Vergnano riconosciuto dal Conai al premio Ecopack 2023","datePublished":"2024-01-10T07:50:23+00:00","dateModified":"2024-01-10T07:50:25+00:00","mainEntityOfPage":{"@id":"https:\/\/horeca-online.com\/it\/caffe-vergnano-riconosciuto-dal-conai-al-premio-ecopack-2023\/"},"wordCount":219,"commentCount":0,"publisher":{"@id":"https:\/\/horeca-online.com\/it\/#organization"},"image":{"@id":"https:\/\/horeca-online.com\/it\/caffe-vergnano-riconosciuto-dal-conai-al-premio-ecopack-2023\/#primaryimage"},"thumbnailUrl":"https:\/\/horeca-online.com\/wp-content\/uploads\/2024\/01\/Chicci-caffe-Vergnano-scaled.jpg","keywords":["caff\u00e8","Caff\u00e8 Vergnano","Ecopack 2023"],"articleSection":["Caff\u00e9"],"inLanguage":"it-IT","potentialAction":[{"@type":"CommentAction","name":"Comment","target":["https:\/\/horeca-online.com\/it\/caffe-vergnano-riconosciuto-dal-conai-al-premio-ecopack-2023\/#respond"]}]},{"@type":"WebPage","@id":"https:\/\/horeca-online.com\/it\/caffe-vergnano-riconosciuto-dal-conai-al-premio-ecopack-2023\/","url":"https:\/\/horeca-online.com\/it\/caffe-vergnano-riconosciuto-dal-conai-al-premio-ecopack-2023\/","name":"Caff\u00e8 Vergnano riconosciuto dal Conai al premio Ecopack 2023 - Horeca International","isPartOf":{"@id":"https:\/\/horeca-online.com\/it\/#website"},"primaryImageOfPage":{"@id":"https:\/\/horeca-online.com\/it\/caffe-vergnano-riconosciuto-dal-conai-al-premio-ecopack-2023\/#primaryimage"},"image":{"@id":"https:\/\/horeca-online.com\/it\/caffe-vergnano-riconosciuto-dal-conai-al-premio-ecopack-2023\/#primaryimage"},"thumbnailUrl":"https:\/\/horeca-online.com\/wp-content\/uploads\/2024\/01\/Chicci-caffe-Vergnano-scaled.jpg","datePublished":"2024-01-10T07:50:23+00:00","dateModified":"2024-01-10T07:50:25+00:00","breadcrumb":{"@id":"https:\/\/horeca-online.com\/it\/caffe-vergnano-riconosciuto-dal-conai-al-premio-ecopack-2023\/#breadcrumb"},"inLanguage":"it-IT","potentialAction":[{"@type":"ReadAction","target":["https:\/\/horeca-online.com\/it\/caffe-vergnano-riconosciuto-dal-conai-al-premio-ecopack-2023\/"]}]},{"@type":"ImageObject","inLanguage":"it-IT","@id":"https:\/\/horeca-online.com\/it\/caffe-vergnano-riconosciuto-dal-conai-al-premio-ecopack-2023\/#primaryimage","url":"https:\/\/horeca-online.com\/wp-content\/uploads\/2024\/01\/Chicci-caffe-Vergnano-scaled.jpg","contentUrl":"https:\/\/horeca-online.com\/wp-content\/uploads\/2024\/01\/Chicci-caffe-Vergnano-scaled.jpg","width":2560,"height":1798},{"@type":"BreadcrumbList","@id":"https:\/\/horeca-online.com\/it\/caffe-vergnano-riconosciuto-dal-conai-al-premio-ecopack-2023\/#breadcrumb","itemListElement":[{"@type":"ListItem","position":1,"name":"Home","item":"https:\/\/horeca-online.com\/it\/"},{"@type":"ListItem","position":2,"name":"Caff\u00e8 Vergnano riconosciuto dal Conai al premio Ecopack 2023"}]},{"@type":"WebSite","@id":"https:\/\/horeca-online.com\/it\/#website","url":"https:\/\/horeca-online.com\/it\/","name":"Horeca International","description":"Horeca International","publisher":{"@id":"https:\/\/horeca-online.com\/it\/#organization"},"potentialAction":[{"@type":"SearchAction","target":{"@type":"EntryPoint","urlTemplate":"https:\/\/horeca-online.com\/it\/?s={search_term_string}"},"query-input":{"@type":"PropertyValueSpecification","valueRequired":true,"valueName":"search_term_string"}}],"inLanguage":"it-IT"},{"@type":"Organization","@id":"https:\/\/horeca-online.com\/it\/#organization","name":"Horeca International","url":"https:\/\/horeca-online.com\/it\/","logo":{"@type":"ImageObject","inLanguage":"it-IT","@id":"https:\/\/horeca-online.com\/it\/#\/schema\/logo\/image\/","url":"https:\/\/horeca-online.com\/wp-content\/uploads\/2019\/07\/cropped-horeca-logo.png","contentUrl":"https:\/\/horeca-online.com\/wp-content\/uploads\/2019\/07\/cropped-horeca-logo.png","width":401,"height":98,"caption":"Horeca International"},"image":{"@id":"https:\/\/horeca-online.com\/it\/#\/schema\/logo\/image\/"}},{"@type":"Person","@id":"https:\/\/horeca-online.com\/it\/#\/schema\/person\/29b6a1d1be3c863926ce7d15b0bb096f","name":"Amerie","image":{"@type":"ImageObject","inLanguage":"it-IT","@id":"https:\/\/secure.gravatar.com\/avatar\/33ed119a24fb9aedd04b7885a1c40aa7c042f990b313bd0d509e4abf40ea8f73?s=96&d=mm&r=g","url":"https:\/\/secure.gravatar.com\/avatar\/33ed119a24fb9aedd04b7885a1c40aa7c042f990b313bd0d509e4abf40ea8f73?s=96&d=mm&r=g","contentUrl":"https:\/\/secure.gravatar.com\/avatar\/33ed119a24fb9aedd04b7885a1c40aa7c042f990b313bd0d509e4abf40ea8f73?s=96&d=mm&r=g","caption":"Amerie"}}]}},"_links":{"self":[{"href":"https:\/\/horeca-online.com\/it\/wp-json\/wp\/v2\/posts\/100136","targetHints":{"allow":["GET"]}}],"collection":[{"href":"https:\/\/horeca-online.com\/it\/wp-json\/wp\/v2\/posts"}],"about":[{"href":"https:\/\/horeca-online.com\/it\/wp-json\/wp\/v2\/types\/post"}],"author":[{"embeddable":true,"href":"https:\/\/horeca-online.com\/it\/wp-json\/wp\/v2\/users\/13"}],"replies":[{"embeddable":true,"href":"https:\/\/horeca-online.com\/it\/wp-json\/wp\/v2\/comments?post=100136"}],"version-history":[{"count":0,"href":"https:\/\/horeca-online.com\/it\/wp-json\/wp\/v2\/posts\/100136\/revisions"}],"wp:featuredmedia":[{"embeddable":true,"href":"https:\/\/horeca-online.com\/it\/wp-json\/wp\/v2\/media\/100139"}],"wp:attachment":[{"href":"https:\/\/horeca-online.com\/it\/wp-json\/wp\/v2\/media?parent=100136"}],"wp:term":[{"taxonomy":"category","embeddable":true,"href":"https:\/\/horeca-online.com\/it\/wp-json\/wp\/v2\/categories?post=100136"},{"taxonomy":"post_tag","embeddable":true,"href":"https:\/\/horeca-online.com\/it\/wp-json\/wp\/v2\/tags?post=100136"}],"curies":[{"name":"wp","href":"https:\/\/api.w.org\/{rel}","templated":true}]}}